{"id":8051,"date":"2026-09-04T09:00:00","date_gmt":"2026-09-04T09:00:00","guid":{"rendered":"https:\/\/jardin-et-jardinierre.com\/blog\/?p=8051"},"modified":"2026-09-04T09:00:00","modified_gmt":"2026-09-04T09:00:00","slug":"bouvreuil","status":"publish","type":"post","link":"https:\/\/jardin-et-jardinierre.com\/blog\/articles\/bouvreuil\/","title":{"rendered":"Bouvreuil : Guide Observation et Protection"},"content":{"rendered":"<p>Le bouvreuil, un oiseau de la famille des fringillid\u00e9s, est appr\u00e9ci\u00e9 pour ses couleurs vives et son chant m\u00e9lodieux. Observer cette esp\u00e8ce dans son habitat naturel peut \u00eatre une exp\u00e9rience enrichissante pour les passionn\u00e9s d\u2019ornithologie comme pour les simples amateurs de nature. Cet article vous fournira des conseils pratiques sur l\u2019observation du bouvreuil, ainsi que des informations sur sa protection, essentielle \u00e0 sa pr\u00e9servation.<\/p>\n<h2>Identification du bouvreuil<\/h2>\n<h3>Caract\u00e9ristiques physiques<\/h3>\n<p>Le bouvreuil se distingue par ses plumages \u00e9clatants, particuli\u00e8rement le m\u00e2le qui pr\u00e9sente un dos gris et un ventre rouge\u00e2tre. Les femelles sont plus discr\u00e8tes avec des teintes brunes et grises. Voici quelques caract\u00e9ristiques cl\u00e9s :<\/p>\n<ul>\n<li><strong>Taille<\/strong> : Environ 16 \u00e0 18 cm de long.<\/li>\n<li><strong>Poids<\/strong> : Entre 30 et 40 grammes.<\/li>\n<li><strong>Chant<\/strong> : Un cri doux et m\u00e9lodieux, souvent entendu au printemps.<\/li>\n<\/ul>\n<h3>Habitat<\/h3>\n<p>On trouve le bouvreuil principalement dans les for\u00eats mixtes, les vergers et les parcs urbains. Sa pr\u00e9sence est plus marqu\u00e9e durant l\u2019hiver lorsqu\u2019il se nourrit de baies et de graines.<\/p>\n<h2>Meilleures p\u00e9riodes d\u2019observation<\/h2>\n<h3>Saisons id\u00e9ales<\/h3>\n<p>L\u2019observation du bouvreuil est optimale au printemps, lorsque les m\u00e2les chantent pour \u00e9tablir leur territoire. Toutefois, il est \u00e9galement possible de l\u2019apercevoir en hiver en p\u00e9riode de migration. Selon une \u00e9tude men\u00e9e en 2022 par la Ligue pour la Protection des Oiseaux (LPO), 70 % des observations de bouvreuils ont eu lieu entre mars et mai.<\/p>\n<h3>Lieux propices<\/h3>\n<p>Pour maximiser vos chances d\u2019observer ces oiseaux :<\/p>\n<ol>\n<li><strong>For\u00eats mixtes<\/strong> : Pr\u00e9f\u00e9rez les zones avec des feuillus.<\/li>\n<li><strong>Verger<\/strong> : Les arbres fruitiers attirent souvent le bouvreuil.<\/li>\n<li><strong>Parcs urbains<\/strong> : Un environnement calme avec des arbustes permet une bonne observation.<\/li>\n<\/ol>\n<h2>Techniques d\u2019observation<\/h2>\n<h3>\u00c9quipements recommand\u00e9s<\/h3>\n<p>Pour observer efficacement le bouvreuil, voici quelques \u00e9quipements utiles :<\/p>\n<table class=\"kwdbank-table\">\n<thead>\n<tr>\n<th>\u00c9quipement<\/th>\n<th>Utilit\u00e9<\/th>\n<\/tr>\n<\/thead>\n<tbody>\n<tr>\n<td>Jumelles<\/td>\n<td>Observation \u00e0 distance<\/td>\n<\/tr>\n<tr>\n<td>Appareil photo<\/td>\n<td>Capturer des images<\/td>\n<\/tr>\n<tr>\n<td>Carnet de notes<\/td>\n<td>Noter vos observations<\/td>\n<\/tr>\n<\/tbody>\n<\/table>\n<h3>Comportement \u00e0 adopter<\/h3>\n<ol>\n<li><strong>Silence<\/strong> : Restez discret pour ne pas effrayer l\u2019oiseau.<\/li>\n<li><strong>Patience<\/strong> : Prenez le temps d\u2019attendre qu\u2019il apparaisse.<\/li>\n<li><strong>Mouvement lent<\/strong> : \u00c9vitez les gestes brusques.<\/li>\n<\/ol>\n<h2>Protection du bouvreuil<\/h2>\n<h3>Menaces actuelles<\/h3>\n<p>Le bouvreuil fait face \u00e0 plusieurs menaces qui impactent sa population :<\/p>\n<ul>\n<li><strong>Perte d\u2019habitat<\/strong> : L\u2019urbanisation et l\u2019agriculture intensive r\u00e9duisent ses lieux de nidification.<\/li>\n<li><strong>Changement climatique<\/strong> : Les variations climatiques affectent ses sources alimentaires.<\/li>\n<\/ul>\n<h3>Initiatives de protection<\/h3>\n<p>Des programmes locaux sont mis en place pour prot\u00e9ger le bouvreuil :<\/p>\n<ul>\n<li><strong>Cr\u00e9ation de r\u00e9serves naturelles<\/strong> : Par exemple, la r\u00e9serve naturelle de la Vall\u00e9e du Loir a \u00e9t\u00e9 \u00e9tablie pour pr\u00e9server son habitat.<\/li>\n<li><strong>Sensibilisation du public<\/strong> : Des ateliers \u00e9ducatifs sont organis\u00e9s pour informer sur l\u2019importance de cet oiseau.<\/li>\n<\/ul>\n<h2>Pi\u00e8ges \u00e0 \u00e9viter lors de l\u2019observation<\/h2>\n<p>Un pi\u00e8ge courant lors de l\u2019observation du bouvreuil est de s\u2019approcher trop pr\u00e8s sans respecter la distance minimale. Cela peut non seulement effrayer l\u2019oiseau mais aussi perturber son comportement naturel. Respectez une distance d\u2019au moins 10 m\u00e8tres pour garantir une observation sereine.<\/p>\n<h2>Que faire si vous croisez un bouvreuil ?<\/h2>\n<p>Si vous apercevez un bouvreuil, voici quelques actions imm\u00e9diates :<\/p>\n<ol>\n<li>Restez calme et silencieux.<\/li>\n<li>Prenez votre appareil photo ou vos jumelles sans mouvements brusques.<\/li>\n<li>Notez l\u2019heure et le lieu exacts de votre observation pour contribuer aux \u00e9tudes sur cette esp\u00e8ce.<\/li>\n<\/ol>\n<h2>FAQ<\/h2>\n<h3>Qu\u2019est-ce qu\u2019un bouvreuil ?<\/h3>\n<p>Le bouvreuil est un oiseau passerin color\u00e9, connu pour son chant doux et son plumage vif.<\/p>\n<h3>O\u00f9 trouve-t-on des bouvreuils en France ?<\/h3>\n<p>On les trouve principalement dans les for\u00eats mixtes, les vergers et parfois dans les parcs urbains.<\/p>\n<h3>Quelle nourriture pr\u00e9f\u00e8rent-ils ?<\/h3>\n<p>Ils se nourrissent principalement de baies, graines et bourgeons durant l\u2019hiver.<\/p>\n<h3>Comment prot\u00e9ger les bouvreuils ?<\/h3>\n<p>Soutenez des initiatives locales visant \u00e0 pr\u00e9server leurs habitats naturels et participez \u00e0 des programmes \u00e9ducatifs.<\/p>\n<h3>Quand est-il pr\u00e9f\u00e9rable d\u2019observer un bouvreuil ?<\/h3>\n<p>Les meilleures p\u00e9riodes sont au printemps lors de la reproduction ou en hiver lorsqu\u2019ils migrent vers le sud.<\/p>\n<h3>Y a-t-il beaucoup d\u2019esp\u00e8ces diff\u00e9rentes ?<\/h3>\n<p>Oui, il existe plusieurs esp\u00e8ces de bouvreuils dans le monde, chacune ayant ses propres caract\u00e9ristiques distinctes.<\/p>\n","protected":false},"excerpt":{"rendered":"","protected":false},"author":34,"featured_media":999999999,"comment_status":"open","ping_status":"open","sticky":false,"template":"","format":"standard","meta":{"_acf_changed":false,"manual_indexmenow":false,"indexmenow_id_project":0,"footnotes":""},"categories":[4877],"tags":[],"class_list":["post-8051","post","type-post","status-publish","format-standard","has-post-thumbnail","hentry","category-articles","generate-columns","tablet-grid-50","mobile-grid-100","grid-parent","grid-25"],"acf":[],"yoast_head":"<!-- This site is optimized with the Yoast SEO Premium plugin v21.3 (Yoast SEO v25.6) - https:\/\/yoast.com\/wordpress\/plugins\/seo\/ -->\n<title>Bouvreuil : Guide Observation et Protection<\/title>\n<meta name=\"description\" content=\"Le bouvreuil, un oiseau de la famille des fringillid\u00e9s, est appr\u00e9ci\u00e9 pour ses couleurs vives et son chant m\u00e9lodieux. Observer cette esp\u00e8ce dans son\u2026\" \/>\n<meta name=\"robots\" content=\"index, follow, max-snippet:-1, max-image-preview:large, max-video-preview:-1\" \/>\n<link rel=\"canonical\" href=\"https:\/\/jardin-et-jardinierre.com\/blog\/articles\/bouvreuil\/\" \/>\n<meta property=\"og:locale\" content=\"fr_FR\" \/>\n<meta property=\"og:type\" content=\"article\" \/>\n<meta property=\"og:title\" content=\"Bouvreuil : Guide Observation et Protection\" \/>\n<meta property=\"og:description\" content=\"Le bouvreuil, un oiseau de la famille des fringillid\u00e9s, est appr\u00e9ci\u00e9 pour ses couleurs vives et son chant m\u00e9lodieux. Observer cette esp\u00e8ce dans son\u2026\" \/>\n<meta property=\"og:url\" content=\"https:\/\/jardin-et-jardinierre.com\/blog\/articles\/bouvreuil\/\" \/>\n<meta property=\"og:site_name\" content=\"jardin-et-jardinierre\" \/>\n<meta name=\"author\" content=\"Julien P.\" \/>\n<meta name=\"twitter:card\" content=\"summary_large_image\" \/>\n<script type=\"application\/ld+json\" class=\"yoast-schema-graph\">{\"@context\":\"https:\/\/schema.org\",\"@graph\":[{\"@type\":\"NewsArticle\",\"@id\":\"https:\/\/jardin-et-jardinierre.com\/blog\/articles\/bouvreuil\/#article\",\"isPartOf\":{\"@id\":\"https:\/\/jardin-et-jardinierre.com\/blog\/articles\/bouvreuil\/\"},\"author\":{\"name\":\"Julien P.\",\"@id\":\"https:\/\/jardin-et-jardinierre.com\/blog\/#\/schema\/person\/3c864cdc320801e3db34b663e7e3f816\"},\"headline\":\"Bouvreuil : Guide Observation et Protection\",\"datePublished\":\"2026-09-04T09:00:00+00:00\",\"mainEntityOfPage\":{\"@id\":\"https:\/\/jardin-et-jardinierre.com\/blog\/articles\/bouvreuil\/\"},\"wordCount\":683,\"commentCount\":0,\"publisher\":{\"@id\":\"https:\/\/jardin-et-jardinierre.com\/blog\/#organization\"},\"image\":{\"@id\":\"https:\/\/jardin-et-jardinierre.com\/blog\/articles\/bouvreuil\/#primaryimage\"},\"thumbnailUrl\":\"https:\/\/images.pexels.com\/photos\/35133190\/pexels-photo-35133190.jpeg?auto=compress&cs=tinysrgb&fit=crop&h=627&w=1200\",\"articleSection\":[\"Articles\"],\"inLanguage\":\"fr-FR\",\"potentialAction\":[{\"@type\":\"CommentAction\",\"name\":\"Comment\",\"target\":[\"https:\/\/jardin-et-jardinierre.com\/blog\/articles\/bouvreuil\/#respond\"]}]},{\"@type\":\"WebPage\",\"@id\":\"https:\/\/jardin-et-jardinierre.com\/blog\/articles\/bouvreuil\/\",\"url\":\"https:\/\/jardin-et-jardinierre.com\/blog\/articles\/bouvreuil\/\",\"name\":\"Bouvreuil : Guide Observation et Protection\",\"isPartOf\":{\"@id\":\"https:\/\/jardin-et-jardinierre.com\/blog\/#website\"},\"primaryImageOfPage\":{\"@id\":\"https:\/\/jardin-et-jardinierre.com\/blog\/articles\/bouvreuil\/#primaryimage\"},\"image\":{\"@id\":\"https:\/\/jardin-et-jardinierre.com\/blog\/articles\/bouvreuil\/#primaryimage\"},\"thumbnailUrl\":\"https:\/\/images.pexels.com\/photos\/35133190\/pexels-photo-35133190.jpeg?auto=compress&cs=tinysrgb&fit=crop&h=627&w=1200\",\"datePublished\":\"2026-09-04T09:00:00+00:00\",\"description\":\"Le bouvreuil, un oiseau de la famille des fringillid\u00e9s, est appr\u00e9ci\u00e9 pour ses couleurs vives et son chant m\u00e9lodieux. Observer cette esp\u00e8ce dans son\u2026\",\"inLanguage\":\"fr-FR\",\"potentialAction\":[{\"@type\":\"ReadAction\",\"target\":[\"https:\/\/jardin-et-jardinierre.com\/blog\/articles\/bouvreuil\/\"]}]},{\"@type\":\"ImageObject\",\"inLanguage\":\"fr-FR\",\"@id\":\"https:\/\/jardin-et-jardinierre.com\/blog\/articles\/bouvreuil\/#primaryimage\",\"url\":\"https:\/\/images.pexels.com\/photos\/35133190\/pexels-photo-35133190.jpeg?auto=compress&cs=tinysrgb&fit=crop&h=627&w=1200\",\"contentUrl\":\"https:\/\/images.pexels.com\/photos\/35133190\/pexels-photo-35133190.jpeg?auto=compress&cs=tinysrgb&fit=crop&h=627&w=1200\"},{\"@type\":\"WebSite\",\"@id\":\"https:\/\/jardin-et-jardinierre.com\/blog\/#website\",\"url\":\"https:\/\/jardin-et-jardinierre.com\/blog\/\",\"name\":\"Jardin et Jardini\u00e8re\",\"description\":\"Jardin et Jardinier, cultivez votre passion verte\",\"publisher\":{\"@id\":\"https:\/\/jardin-et-jardinierre.com\/blog\/#organization\"},\"alternateName\":\"Jardin et Jardinier, cultivez votre passion verte\",\"potentialAction\":[{\"@type\":\"SearchAction\",\"target\":{\"@type\":\"EntryPoint\",\"urlTemplate\":\"https:\/\/jardin-et-jardinierre.com\/blog\/?s={search_term_string}\"},\"query-input\":{\"@type\":\"PropertyValueSpecification\",\"valueRequired\":true,\"valueName\":\"search_term_string\"}}],\"inLanguage\":\"fr-FR\"},{\"@type\":\"Organization\",\"@id\":\"https:\/\/jardin-et-jardinierre.com\/blog\/#organization\",\"name\":\"Jardin et Jardini\u00e8re\",\"alternateName\":\"Jardin-et-Jardinierre.com\",\"url\":\"https:\/\/jardin-et-jardinierre.com\/blog\/\",\"logo\":{\"@type\":\"ImageObject\",\"inLanguage\":\"fr-FR\",\"@id\":\"https:\/\/jardin-et-jardinierre.com\/blog\/#\/schema\/logo\/image\/\",\"url\":\"https:\/\/jardin-et-jardinierre.com\/blog\/wp-content\/uploads\/2024\/12\/1.png\",\"contentUrl\":\"https:\/\/jardin-et-jardinierre.com\/blog\/wp-content\/uploads\/2024\/12\/1.png\",\"width\":512,\"height\":512,\"caption\":\"Jardin et Jardini\u00e8re\"},\"image\":{\"@id\":\"https:\/\/jardin-et-jardinierre.com\/blog\/#\/schema\/logo\/image\/\"}},{\"@type\":\"Person\",\"@id\":\"https:\/\/jardin-et-jardinierre.com\/blog\/#\/schema\/person\/3c864cdc320801e3db34b663e7e3f816\",\"name\":\"Julien P.\",\"image\":{\"@type\":\"ImageObject\",\"inLanguage\":\"fr-FR\",\"@id\":\"https:\/\/jardin-et-jardinierre.com\/blog\/#\/schema\/person\/image\/\",\"url\":\"https:\/\/jardin-et-jardinierre.com\/blog\/wp-content\/uploads\/2026\/06\/persona_julien-p-96x96.jpg\",\"contentUrl\":\"https:\/\/jardin-et-jardinierre.com\/blog\/wp-content\/uploads\/2026\/06\/persona_julien-p-96x96.jpg\",\"caption\":\"Julien P.\"},\"description\":\"Bricoleur et jardinier dans l'\u00e2me, j'\u00e9cris sur la maison et ses ext\u00e9rieurs avec les mains dans le cambouis plus que dans les th\u00e9ories. Mon terrain couvre tout l'habitat : le potager et le jardin au fil des saisons, mais aussi les petits travaux, la r\u00e9novation, le bricolage et les m\u00e9tiers du b\u00e2timent \u2014 toiture, isolation, menuiserie, serrurerie, ma\u00e7onnerie. J'aime expliquer un geste technique simplement, donner des fourchettes de prix r\u00e9alistes et les bons crit\u00e8res pour choisir un mat\u00e9riau ou un artisan. Je teste ce que je peux sur mes propres chantiers et au jardin avant d'en parler, je distingue la tradition de ce que confirme l'observation, et je pr\u00e9cise toujours le contexte \u2014 climat, type de sol, configuration du logement \u2014 parce qu'un m\u00eame conseil ne vaut pas partout. Mon but : rendre l'entretien et l'am\u00e9lioration de la maison accessibles, durables et \u00e9conomes.\",\"url\":\"https:\/\/jardin-et-jardinierre.com\/blog\/auteur\/noname\/\",\"jobTitle\":\"R\u00e9dacteur en chef \u00b7 Maison, Jardin & Travaux\",\"knowsAbout\":[\"Maison\",\"Jardin\",\"Travaux\"],\"email\":\"julien.p@endirectdupotager.fr\"}]}<\/script>\n<!-- \/ Yoast SEO Premium plugin. -->","yoast_head_json":{"title":"Bouvreuil : Guide Observation et Protection","description":"Le bouvreuil, un oiseau de la famille des fringillid\u00e9s, est appr\u00e9ci\u00e9 pour ses couleurs vives et son chant m\u00e9lodieux. Observer cette esp\u00e8ce dans son\u2026","robots":{"index":"index","follow":"follow","max-snippet":"max-snippet:-1","max-image-preview":"max-image-preview:large","max-video-preview":"max-video-preview:-1"},"canonical":"https:\/\/jardin-et-jardinierre.com\/blog\/articles\/bouvreuil\/","og_locale":"fr_FR","og_type":"article","og_title":"Bouvreuil : Guide Observation et Protection","og_description":"Le bouvreuil, un oiseau de la famille des fringillid\u00e9s, est appr\u00e9ci\u00e9 pour ses couleurs vives et son chant m\u00e9lodieux. Observer cette esp\u00e8ce dans son\u2026","og_url":"https:\/\/jardin-et-jardinierre.com\/blog\/articles\/bouvreuil\/","og_site_name":"jardin-et-jardinierre","author":"Julien P.","twitter_card":"summary_large_image","schema":{"@context":"https:\/\/schema.org","@graph":[{"@type":"NewsArticle","@id":"https:\/\/jardin-et-jardinierre.com\/blog\/articles\/bouvreuil\/#article","isPartOf":{"@id":"https:\/\/jardin-et-jardinierre.com\/blog\/articles\/bouvreuil\/"},"author":{"name":"Julien P.","@id":"https:\/\/jardin-et-jardinierre.com\/blog\/#\/schema\/person\/3c864cdc320801e3db34b663e7e3f816"},"headline":"Bouvreuil : Guide Observation et Protection","datePublished":"2026-09-04T09:00:00+00:00","mainEntityOfPage":{"@id":"https:\/\/jardin-et-jardinierre.com\/blog\/articles\/bouvreuil\/"},"wordCount":683,"commentCount":0,"publisher":{"@id":"https:\/\/jardin-et-jardinierre.com\/blog\/#organization"},"image":{"@id":"https:\/\/jardin-et-jardinierre.com\/blog\/articles\/bouvreuil\/#primaryimage"},"thumbnailUrl":"https:\/\/images.pexels.com\/photos\/35133190\/pexels-photo-35133190.jpeg?auto=compress&cs=tinysrgb&fit=crop&h=627&w=1200","articleSection":["Articles"],"inLanguage":"fr-FR","potentialAction":[{"@type":"CommentAction","name":"Comment","target":["https:\/\/jardin-et-jardinierre.com\/blog\/articles\/bouvreuil\/#respond"]}]},{"@type":"WebPage","@id":"https:\/\/jardin-et-jardinierre.com\/blog\/articles\/bouvreuil\/","url":"https:\/\/jardin-et-jardinierre.com\/blog\/articles\/bouvreuil\/","name":"Bouvreuil : Guide Observation et Protection","isPartOf":{"@id":"https:\/\/jardin-et-jardinierre.com\/blog\/#website"},"primaryImageOfPage":{"@id":"https:\/\/jardin-et-jardinierre.com\/blog\/articles\/bouvreuil\/#primaryimage"},"image":{"@id":"https:\/\/jardin-et-jardinierre.com\/blog\/articles\/bouvreuil\/#primaryimage"},"thumbnailUrl":"https:\/\/images.pexels.com\/photos\/35133190\/pexels-photo-35133190.jpeg?auto=compress&cs=tinysrgb&fit=crop&h=627&w=1200","datePublished":"2026-09-04T09:00:00+00:00","description":"Le bouvreuil, un oiseau de la famille des fringillid\u00e9s, est appr\u00e9ci\u00e9 pour ses couleurs vives et son chant m\u00e9lodieux. Observer cette esp\u00e8ce dans son\u2026","inLanguage":"fr-FR","potentialAction":[{"@type":"ReadAction","target":["https:\/\/jardin-et-jardinierre.com\/blog\/articles\/bouvreuil\/"]}]},{"@type":"ImageObject","inLanguage":"fr-FR","@id":"https:\/\/jardin-et-jardinierre.com\/blog\/articles\/bouvreuil\/#primaryimage","url":"https:\/\/images.pexels.com\/photos\/35133190\/pexels-photo-35133190.jpeg?auto=compress&cs=tinysrgb&fit=crop&h=627&w=1200","contentUrl":"https:\/\/images.pexels.com\/photos\/35133190\/pexels-photo-35133190.jpeg?auto=compress&cs=tinysrgb&fit=crop&h=627&w=1200"},{"@type":"WebSite","@id":"https:\/\/jardin-et-jardinierre.com\/blog\/#website","url":"https:\/\/jardin-et-jardinierre.com\/blog\/","name":"Jardin et Jardini\u00e8re","description":"Jardin et Jardinier, cultivez votre passion verte","publisher":{"@id":"https:\/\/jardin-et-jardinierre.com\/blog\/#organization"},"alternateName":"Jardin et Jardinier, cultivez votre passion verte","potentialAction":[{"@type":"SearchAction","target":{"@type":"EntryPoint","urlTemplate":"https:\/\/jardin-et-jardinierre.com\/blog\/?s={search_term_string}"},"query-input":{"@type":"PropertyValueSpecification","valueRequired":true,"valueName":"search_term_string"}}],"inLanguage":"fr-FR"},{"@type":"Organization","@id":"https:\/\/jardin-et-jardinierre.com\/blog\/#organization","name":"Jardin et Jardini\u00e8re","alternateName":"Jardin-et-Jardinierre.com","url":"https:\/\/jardin-et-jardinierre.com\/blog\/","logo":{"@type":"ImageObject","inLanguage":"fr-FR","@id":"https:\/\/jardin-et-jardinierre.com\/blog\/#\/schema\/logo\/image\/","url":"https:\/\/jardin-et-jardinierre.com\/blog\/wp-content\/uploads\/2024\/12\/1.png","contentUrl":"https:\/\/jardin-et-jardinierre.com\/blog\/wp-content\/uploads\/2024\/12\/1.png","width":512,"height":512,"caption":"Jardin et Jardini\u00e8re"},"image":{"@id":"https:\/\/jardin-et-jardinierre.com\/blog\/#\/schema\/logo\/image\/"}},{"@type":"Person","@id":"https:\/\/jardin-et-jardinierre.com\/blog\/#\/schema\/person\/3c864cdc320801e3db34b663e7e3f816","name":"Julien P.","image":{"@type":"ImageObject","inLanguage":"fr-FR","@id":"https:\/\/jardin-et-jardinierre.com\/blog\/#\/schema\/person\/image\/","url":"https:\/\/jardin-et-jardinierre.com\/blog\/wp-content\/uploads\/2026\/06\/persona_julien-p-96x96.jpg","contentUrl":"https:\/\/jardin-et-jardinierre.com\/blog\/wp-content\/uploads\/2026\/06\/persona_julien-p-96x96.jpg","caption":"Julien P."},"description":"Bricoleur et jardinier dans l'\u00e2me, j'\u00e9cris sur la maison et ses ext\u00e9rieurs avec les mains dans le cambouis plus que dans les th\u00e9ories. Mon terrain couvre tout l'habitat : le potager et le jardin au fil des saisons, mais aussi les petits travaux, la r\u00e9novation, le bricolage et les m\u00e9tiers du b\u00e2timent \u2014 toiture, isolation, menuiserie, serrurerie, ma\u00e7onnerie. J'aime expliquer un geste technique simplement, donner des fourchettes de prix r\u00e9alistes et les bons crit\u00e8res pour choisir un mat\u00e9riau ou un artisan. Je teste ce que je peux sur mes propres chantiers et au jardin avant d'en parler, je distingue la tradition de ce que confirme l'observation, et je pr\u00e9cise toujours le contexte \u2014 climat, type de sol, configuration du logement \u2014 parce qu'un m\u00eame conseil ne vaut pas partout. Mon but : rendre l'entretien et l'am\u00e9lioration de la maison accessibles, durables et \u00e9conomes.","url":"https:\/\/jardin-et-jardinierre.com\/blog\/auteur\/noname\/","jobTitle":"R\u00e9dacteur en chef \u00b7 Maison, Jardin & Travaux","knowsAbout":["Maison","Jardin","Travaux"],"email":"julien.p@endirectdupotager.fr"}]}},"_links":{"self":[{"href":"https:\/\/jardin-et-jardinierre.com\/blog\/wp-json\/wp\/v2\/posts\/8051","targetHints":{"allow":["GET"]}}],"collection":[{"href":"https:\/\/jardin-et-jardinierre.com\/blog\/wp-json\/wp\/v2\/posts"}],"about":[{"href":"https:\/\/jardin-et-jardinierre.com\/blog\/wp-json\/wp\/v2\/types\/post"}],"author":[{"embeddable":true,"href":"https:\/\/jardin-et-jardinierre.com\/blog\/wp-json\/wp\/v2\/users\/34"}],"replies":[{"embeddable":true,"href":"https:\/\/jardin-et-jardinierre.com\/blog\/wp-json\/wp\/v2\/comments?post=8051"}],"version-history":[{"count":1,"href":"https:\/\/jardin-et-jardinierre.com\/blog\/wp-json\/wp\/v2\/posts\/8051\/revisions"}],"predecessor-version":[{"id":8363,"href":"https:\/\/jardin-et-jardinierre.com\/blog\/wp-json\/wp\/v2\/posts\/8051\/revisions\/8363"}],"wp:attachment":[{"href":"https:\/\/jardin-et-jardinierre.com\/blog\/wp-json\/wp\/v2\/media?parent=8051"}],"wp:term":[{"taxonomy":"category","embeddable":true,"href":"https:\/\/jardin-et-jardinierre.com\/blog\/wp-json\/wp\/v2\/categories?post=8051"},{"taxonomy":"post_tag","embeddable":true,"href":"https:\/\/jardin-et-jardinierre.com\/blog\/wp-json\/wp\/v2\/tags?post=8051"}],"curies":[{"name":"wp","href":"https:\/\/api.w.org\/{rel}","templated":true}]}}